{"id":1454,"__str__":"Projeto de Lei Ordin\u00e1ria n\u00ba 38 de 2018","link_detail_backend":"/materia/1454","metadata":{},"numero":38,"ano":2018,"numero_protocolo":null,"data_apresentacao":"2018-06-13","tipo_apresentacao":"","data_publicacao":null,"numero_origem_externa":"","ano_origem_externa":null,"data_origem_externa":null,"apelido":"","dias_prazo":null,"data_fim_prazo":null,"em_tramitacao":false,"polemica":null,"objeto":"","complementar":null,"ementa":"Disp\u00f5e sobre a cria\u00e7\u00e3o no \u00e2mbito do Munic\u00edpio de S\u00e3o Louren\u00e7o da Mata da Central de Concilia\u00e7\u00e3o e Acordos CCA -, composta pelas C\u00e2maras de Indeniza\u00e7\u00f5es Administrativas; de Media\u00e7\u00e3o e Concilia\u00e7\u00e3o e; de Concilia\u00e7\u00e3o de Precat\u00f3rios.","indexacao":"","observacao":"","resultado":"","texto_original":"http://sapl.saolourencodamata.pe.leg.br/media/sapl/public/materialegislativa/2018/1454/projeto_de_lei_038-2018.pdf","data_ultima_atualizacao":"2018-12-18T13:00:32.282405-02:00","ip":"","ultima_edicao":null,"tipo":1,"regime_tramitacao":1,"tipo_origem_externa":null,"local_origem_externa":null,"user":null,"anexadas":[],"autores":[5]}