{"id":2243,"__str__":"Projeto de Lei Ordin\u00e1ria n\u00ba 64 de 2019","link_detail_backend":"/materia/2243","metadata":{},"numero":64,"ano":2019,"numero_protocolo":null,"data_apresentacao":"2019-08-16","tipo_apresentacao":"","data_publicacao":null,"numero_origem_externa":"","ano_origem_externa":null,"data_origem_externa":null,"apelido":"","dias_prazo":null,"data_fim_prazo":null,"em_tramitacao":false,"polemica":null,"objeto":"","complementar":null,"ementa":"Institui o programa Ado\u00e7\u00e3o e Manuten\u00e7\u00e3o de Espa\u00e7o P\u00fablico por empresas privadas na cidade de S\u00e3o Louren\u00e7o da Mata.","indexacao":"","observacao":"","resultado":"","texto_original":"http://sapl.saolourencodamata.pe.leg.br/media/sapl/public/materialegislativa/2019/2243/projeto_de_lei_064-2019.pdf","data_ultima_atualizacao":"2019-12-01T10:19:35.310229-03:00","ip":"168.194.15.109","ultima_edicao":null,"tipo":1,"regime_tramitacao":1,"tipo_origem_externa":null,"local_origem_externa":null,"user":31,"anexadas":[],"autores":[5]}