{"id":3558,"__str__":"Projeto de Lei Ordin\u00e1ria n\u00ba 25 de 2021","link_detail_backend":"/materia/3558","metadata":{},"numero":25,"ano":2021,"numero_protocolo":null,"data_apresentacao":"2021-04-12","tipo_apresentacao":"","data_publicacao":null,"numero_origem_externa":"","ano_origem_externa":null,"data_origem_externa":null,"apelido":"","dias_prazo":null,"data_fim_prazo":null,"em_tramitacao":false,"polemica":false,"objeto":"","complementar":false,"ementa":"Ficam os estabelecimentos p\u00fablicos e privados obrigados a inserir, nas placas de atendimento priorit\u00e1rio, o s\u00edmbolo mundial do AUTISMO, bem como, nas placas indicativas de vagas preferenciais em estabelecimentos e garagens, mensagens educativas.","indexacao":"","observacao":"","resultado":"","texto_original":"http://sapl.saolourencodamata.pe.leg.br/media/sapl/public/materialegislativa/2021/3558/projeto_de_lei_025-2021.pdf","data_ultima_atualizacao":"2021-06-30T08:29:29.862956-03:00","ip":"168.194.12.150","ultima_edicao":"2021-06-30T08:26:28.525149-03:00","tipo":1,"regime_tramitacao":1,"tipo_origem_externa":null,"local_origem_externa":null,"user":31,"anexadas":[],"autores":[71]}