{"id":3722,"__str__":"Projeto de Lei Ordin\u00e1ria n\u00ba 47 de 2021","link_detail_backend":"/materia/3722","metadata":{},"numero":47,"ano":2021,"numero_protocolo":null,"data_apresentacao":"2021-08-02","tipo_apresentacao":"","data_publicacao":null,"numero_origem_externa":"","ano_origem_externa":null,"data_origem_externa":null,"apelido":"","dias_prazo":null,"data_fim_prazo":null,"em_tramitacao":false,"polemica":false,"objeto":"","complementar":false,"ementa":"Institui a campanha \"Setembro Verde\", dedicada \u00e0 inclus\u00e3o social da pessoa com defici\u00eancia no munic\u00edpio de S\u00e3o Louren\u00e7o da Mata.","indexacao":"","observacao":"","resultado":"","texto_original":"http://sapl.saolourencodamata.pe.leg.br/media/sapl/public/materialegislativa/2021/3722/projeto_de_lei_047-2021.pdf","data_ultima_atualizacao":"2021-09-10T08:28:47.995648-03:00","ip":"45.235.2.167","ultima_edicao":"2021-08-30T08:32:09.463648-03:00","tipo":1,"regime_tramitacao":1,"tipo_origem_externa":null,"local_origem_externa":null,"user":31,"anexadas":[],"autores":[67]}