{"id":4562,"__str__":"Projeto de Lei Ordin\u00e1ria n\u00ba 30 de 2022","link_detail_backend":"/materia/4562","metadata":{},"numero":30,"ano":2022,"numero_protocolo":null,"data_apresentacao":"2022-04-06","tipo_apresentacao":"","data_publicacao":null,"numero_origem_externa":"","ano_origem_externa":null,"data_origem_externa":null,"apelido":"","dias_prazo":null,"data_fim_prazo":null,"em_tramitacao":false,"polemica":false,"objeto":"","complementar":false,"ementa":"Institui e inclui no calend\u00e1rio oficial de eventos do munic\u00edpio de S\u00e3o Louren\u00e7o da Mata o m\u00eas \"julho verde\", m\u00eas de conscientiza\u00e7\u00e3o e combate ao c\u00e2ncer de cabe\u00e7a e pesco\u00e7o e d\u00e1 outras provid\u00eancias.","indexacao":"","observacao":"","resultado":"","texto_original":"http://sapl.saolourencodamata.pe.leg.br/media/sapl/public/materialegislativa/2022/4562/projeto_de_lei_030-2022.pdf","data_ultima_atualizacao":"2023-05-15T16:21:33.558310-03:00","ip":"45.239.14.0","ultima_edicao":"2023-05-15T16:21:33.348242-03:00","tipo":1,"regime_tramitacao":1,"tipo_origem_externa":null,"local_origem_externa":null,"user":31,"anexadas":[],"autores":[71]}