{"id":5738,"__str__":"Projeto de Lei Ordin\u00e1ria n\u00ba 20 de 2023","link_detail_backend":"/materia/5738","metadata":{},"numero":20,"ano":2023,"numero_protocolo":null,"data_apresentacao":"2023-03-23","tipo_apresentacao":"","data_publicacao":null,"numero_origem_externa":"","ano_origem_externa":null,"data_origem_externa":null,"apelido":"","dias_prazo":null,"data_fim_prazo":null,"em_tramitacao":false,"polemica":false,"objeto":"","complementar":false,"ementa":"Cria a Diretoria de Sa\u00fade do Homem e Idoso, Diretoria Administrativa e Diretoria de Equipe Multiprofissional no \u00e2mbito da Secretaria Municipal de\r\nSa\u00fade e d\u00e1 outras provid\u00eancias.","indexacao":"","observacao":"","resultado":"","texto_original":null,"data_ultima_atualizacao":"2023-04-24T16:00:50.042383-03:00","ip":"45.239.14.36","ultima_edicao":"2023-03-27T08:25:59.539180-03:00","tipo":1,"regime_tramitacao":1,"tipo_origem_externa":null,"local_origem_externa":null,"user":31,"anexadas":[],"autores":[73]}