{"id":5785,"__str__":"Projeto de Lei Ordin\u00e1ria n\u00ba 28 de 2023","link_detail_backend":"/materia/5785","metadata":{},"numero":28,"ano":2023,"numero_protocolo":null,"data_apresentacao":"2023-04-05","tipo_apresentacao":"","data_publicacao":null,"numero_origem_externa":"","ano_origem_externa":null,"data_origem_externa":null,"apelido":"","dias_prazo":null,"data_fim_prazo":null,"em_tramitacao":false,"polemica":false,"objeto":"","complementar":false,"ementa":"Disp\u00f5e sobre a conscientiza\u00e7\u00e3o, preven\u00e7\u00e3o e combate e acompanhamento ao bullying escolar, no projeto pedag\u00f3gico elaborado pelas escolas p\u00fablicas de educa\u00e7\u00e3o b\u00e1sica do munic\u00edpio de S\u00e3o Louren\u00e7o da Mata, e d\u00e1 outras provid\u00eancias.","indexacao":"","observacao":"","resultado":"","texto_original":"http://sapl.saolourencodamata.pe.leg.br/media/sapl/public/materialegislativa/2023/5785/projeto_de_lei_028-2023.pdf","data_ultima_atualizacao":"2023-06-07T09:47:28.973231-03:00","ip":"45.239.15.175","ultima_edicao":"2023-04-30T13:15:04.272983-03:00","tipo":1,"regime_tramitacao":1,"tipo_origem_externa":null,"local_origem_externa":null,"user":31,"anexadas":[6030],"autores":[71]}