{"id":6200,"__str__":"Requerimento n\u00ba 567 de 2023","link_detail_backend":"/materia/6200","metadata":{},"numero":567,"ano":2023,"numero_protocolo":null,"data_apresentacao":"2023-06-09","tipo_apresentacao":"","data_publicacao":null,"numero_origem_externa":"","ano_origem_externa":null,"data_origem_externa":null,"apelido":"","dias_prazo":null,"data_fim_prazo":null,"em_tramitacao":true,"polemica":false,"objeto":"","complementar":false,"ementa":"Solicito ao chefe do poder executivo, o Exmo. Sr. Prefeito. Vinicius Labanca junto com a secretaria de assist\u00eancia social a regulariza\u00e7\u00e3o de todas as entidades sem fins lucrativos de S\u00e3o Louren\u00e7o da Mata, que seja cadastrada com CNPJ e regularizada pelo o conselho municipal da secretaria de assist\u00eancia social.","indexacao":"","observacao":"","resultado":"","texto_original":"http://sapl.saolourencodamata.pe.leg.br/media/sapl/public/materialegislativa/2023/6200/req-0567-2023.pdf","data_ultima_atualizacao":"2023-08-01T11:51:23.735990-03:00","ip":"45.239.14.10","ultima_edicao":"2023-08-01T11:51:23.629955-03:00","tipo":3,"regime_tramitacao":1,"tipo_origem_externa":null,"local_origem_externa":null,"user":28,"anexadas":[],"autores":[3]}