{"id":8675,"__str__":"Requerimento n\u00ba 625 de 2025","link_detail_backend":"/materia/8675","metadata":{},"numero":625,"ano":2025,"numero_protocolo":null,"data_apresentacao":"2025-05-02","tipo_apresentacao":"","data_publicacao":null,"numero_origem_externa":"","ano_origem_externa":null,"data_origem_externa":null,"apelido":"","dias_prazo":null,"data_fim_prazo":null,"em_tramitacao":true,"polemica":false,"objeto":"","complementar":false,"ementa":"Solicito a extens\u00e3o de uma (1) unidade de sa\u00fade da fam\u00edlia (USF) da ch\u00e3 da t\u00e1bua, para o jardim metropolitano, em S\u00e3o Louren\u00e7o da Mata.","indexacao":"","observacao":"","resultado":"","texto_original":null,"data_ultima_atualizacao":"2025-05-12T12:49:09.817720-03:00","ip":"45.239.15.65","ultima_edicao":"2025-05-05T15:22:49.211192-03:00","tipo":3,"regime_tramitacao":1,"tipo_origem_externa":null,"local_origem_externa":null,"user":31,"anexadas":[],"autores":[105]}