{"id":11691,"__str__":"Projeto de Lei Complementar n\u00ba 2 de 2023 | Proposi\u00e7\u00e3o apresentada em Plen\u00e1rio | 21/09/2023","link_detail_backend":"/materia/tramitacao/11691","metadata":{},"timestamp":"2023-09-26T10:42:44.058884-03:00","data_tramitacao":"2023-09-21","data_encaminhamento":null,"urgente":false,"turno":"","texto":"","data_fim_prazo":null,"ip":"45.239.15.98","ultima_edicao":"2023-09-26T10:42:37.906781-03:00","status":28,"materia":6398,"unidade_tramitacao_local":2,"unidade_tramitacao_destino":2,"user":31}