{"id":19940,"__str__":"Requerimento n\u00ba 393 de 2025 | Proposi\u00e7\u00e3o apresentada em Plen\u00e1rio | 25/03/2025","link_detail_backend":"/materia/tramitacao/19940","metadata":{},"timestamp":"2025-03-30T15:24:26.870241-03:00","data_tramitacao":"2025-03-25","data_encaminhamento":null,"urgente":false,"turno":"","texto":"","data_fim_prazo":null,"ip":"45.239.15.85","ultima_edicao":"2025-03-30T15:24:22.798801-03:00","status":28,"materia":8423,"unidade_tramitacao_local":5,"unidade_tramitacao_destino":2,"user":31}