{"id":5216,"__str__":"Requerimento n\u00ba 631 de 2022 | Proposi\u00e7\u00e3o inclusa na Ordem do Dia | 26/09/2022","link_detail_backend":"/materia/tramitacao/5216","metadata":{},"timestamp":"2022-09-26T08:39:05.400747-03:00","data_tramitacao":"2022-09-26","data_encaminhamento":null,"urgente":false,"turno":"U","texto":"Mat\u00e9ria enviada para Vota\u00e7\u00e3o \u00fanica.","data_fim_prazo":null,"ip":"45.239.14.30","ultima_edicao":"2022-09-26T08:39:03.729202-03:00","status":3,"materia":5072,"unidade_tramitacao_local":2,"unidade_tramitacao_destino":2,"user":31}