{"id":9310,"__str__":"Requerimento n\u00ba 390 de 2023 | Adiada discuss\u00e3o e vota\u00e7\u00e3o. | 02/05/2023","link_detail_backend":"/materia/tramitacao/9310","metadata":{},"timestamp":"2023-05-08T09:33:43.336769-03:00","data_tramitacao":"2023-05-02","data_encaminhamento":null,"urgente":false,"turno":"","texto":"","data_fim_prazo":null,"ip":"45.239.15.27","ultima_edicao":"2023-05-08T09:33:38.305375-03:00","status":48,"materia":5889,"unidade_tramitacao_local":2,"unidade_tramitacao_destino":2,"user":31}