{"id":9745,"__str__":"Requerimento n\u00ba 469 de 2023 | Proposi\u00e7\u00e3o apresentada em Plen\u00e1rio | 23/05/2023","link_detail_backend":"/materia/tramitacao/9745","metadata":{},"timestamp":"2023-05-29T20:43:57.363866-03:00","data_tramitacao":"2023-05-23","data_encaminhamento":null,"urgente":false,"turno":"","texto":"","data_fim_prazo":null,"ip":"45.239.15.173","ultima_edicao":"2023-05-29T20:43:57.189904-03:00","status":28,"materia":6045,"unidade_tramitacao_local":2,"unidade_tramitacao_destino":2,"user":31}