{"id":1092,"__str__":"Lei Ordin\u00e1ria n\u00ba 2.832, de 24 de mar\u00e7o de 2021","link_detail_backend":"/norma/1092","metadata":{},"texto_integral":"http://sapl.saolourencodamata.pe.leg.br/media/sapl/public/normajuridica/2021/1092/lei_2832-2021.pdf","numero":"2832","ano":2021,"esfera_federacao":"M","data":"2021-03-24","data_publicacao":null,"veiculo_publicacao":"","pagina_inicio_publicacao":null,"pagina_fim_publicacao":null,"ementa":"Institui o Dia em Mem\u00f3ria das V\u00edtimas da Pandemia do Corona v\u00edrus no Munic\u00edpio de S\u00e3o Louren\u00e7o da Mata.","indexacao":"","observacao":"","complemento":false,"data_vigencia":null,"timestamp":"2021-04-27T08:02:55.811278-03:00","data_ultima_atualizacao":"2021-04-27T08:02:55.811489-03:00","ip":"168.194.15.111","ultima_edicao":"2021-04-27T08:02:55.707352-03:00","tipo":1,"materia":3337,"orgao":null,"user":31,"assuntos":[],"autores":[69]}