{"id":1123,"__str__":"Lei Ordin\u00e1ria n\u00ba 2.853, de 26 de agosto de 2021","link_detail_backend":"/norma/1123","metadata":{},"texto_integral":"http://sapl.saolourencodamata.pe.leg.br/media/sapl/public/normajuridica/2021/1123/lei_2853-2021.pdf","numero":"2853","ano":2021,"esfera_federacao":"M","data":"2021-08-26","data_publicacao":null,"veiculo_publicacao":"","pagina_inicio_publicacao":null,"pagina_fim_publicacao":null,"ementa":"Institui a campanha \"Setembro Verde\", dedicada \u00e0 inclus\u00e3o social da pessoa com defici\u00eancia no munic\u00edpio de S\u00e3o Louren\u00e7o da Mata.","indexacao":"","observacao":"","complemento":false,"data_vigencia":null,"timestamp":"2021-09-10T08:28:17.180322-03:00","data_ultima_atualizacao":"2021-09-10T08:28:17.294147-03:00","ip":"45.235.2.221","ultima_edicao":"2021-09-10T08:26:48.662155-03:00","tipo":1,"materia":3722,"orgao":null,"user":31,"assuntos":[38],"autores":[67]}