{"id":820,"__str__":"Lei Ordin\u00e1ria n\u00ba 2.617, de 11 de setembro de 2018","link_detail_backend":"/norma/820","metadata":{},"texto_integral":"http://sapl.saolourencodamata.pe.leg.br/media/sapl/public/normajuridica/2018/820/lei_2617-2018.pdf","numero":"2617","ano":2018,"esfera_federacao":"M","data":"2018-09-11","data_publicacao":null,"veiculo_publicacao":"","pagina_inicio_publicacao":null,"pagina_fim_publicacao":null,"ementa":"Disp\u00f5e sobre a cria\u00e7\u00e3o no \u00e2mbito do Munic\u00edpio de S\u00e3o Louren\u00e7o da Mata da Central de Concilia\u00e7\u00e3o e Acordos - CCA -, composta pelas C\u00e2maras de Indeniza\u00e7\u00f5es Administrativas; de Media\u00e7\u00e3o e Concilia\u00e7\u00e3o e; de Concilia\u00e7\u00e3o de Precat\u00f3rios.","indexacao":"","observacao":"","complemento":false,"data_vigencia":null,"timestamp":"2018-10-05T15:22:34.227040-03:00","data_ultima_atualizacao":"2018-10-05T15:22:34.618036-03:00","ip":"","ultima_edicao":null,"tipo":1,"materia":1454,"orgao":null,"user":null,"assuntos":[],"autores":[]}