{"id":637,"__str__":"Fabinho Pereira (6\u00ba orador)","link_detail_backend":"/sessao/oradorexpediente/637","metadata":{},"numero_ordem":6,"url_discurso":"","observacao":"Tempo de l\u00edder da oposi\u00e7\u00e3o","upload_anexo":null,"sessao_plenaria":330,"parlamentar":19}